{"persons":[{"wiagId":"WIAG-Pers-EPISCGatz-05073-001","givenname":"Eberhard","identifier":{"Personendatenbank der Germania Sacra":"https:\/\/personendatenbank.germania-sacra.de\/index\/gsn\/057-00224-001","Gemeinsame Normdatei (GND) ID":"https:\/\/d-nb.info\/gnd\/135734665","Wikidata":"https:\/\/www.wikidata.org\/wiki\/Q1279628","VIAF-ID":"https:\/\/viaf.org\/viaf\/38141292","Wikipedia-Artikel":"https:\/\/de.wikipedia.org\/wiki\/Eberhard_von_Trier","Factgrid":"https:\/\/database.factgrid.de\/entity\/Q652461"},"offices":[{"title":"Erzbischof","diocese":"Erzbistum Trier","dateBegin":"1047","dateEnd":"1066","references":[{"citation":"Franz-Josef Heyen, Das Erzbistum Trier 1: Das Stift St. Paulin vor Trier (Germania Sacra N. F. 6), Berlin\/New York 1972, S. 16, 22, 24\u201326, 48, 55, 77, 94, 246, 279, 281, 287f., 292f., 296, 302f., 305\u2013307, 359A, 366, 447, 454, 480, 484, 509, 534, 539, 541, 555, 564, 670","authorOrEditor":"Franz Josef  Heyen","shortTitle":"NF 6, Stift St. Paulin vor Trier"}]},{"title":"Erzbischof","diocese":"Erzbistum Trier","dateBegin":"1047","dateEnd":"1066","references":[{"citation":"Erwin Gatz (Hg.)\/Clemens Brodkorb\/Helmut Flachenecker (Bearb.), Die Bist\u00fcmer des Heiligen R\u00f6mischen Reiches. Von ihren Anf\u00e4ngen bis zur S\u00e4kularisation, Freiburg i. Br. 2003, S. 767","authorOrEditor":"Gatz, Erwin (Hg.)\/Brodkorb, Clemens\/ Flachenecker\/Helmut (Bearb.)","RiOpac":"http:\/\/opac.regesta-imperii.de\/id\/587094","shortTitle":"Gatz, Bist\u00fcmer"}]}]}]}