{"persons":[{"wiagId":"WIAG-Pers-EPISCGatz-04569-001","givenname":"Dodo","identifier":{"Personendatenbank der Germania Sacra":"https:\/\/personendatenbank.germania-sacra.de\/index\/gsn\/050-01458-001","Wikidata":"https:\/\/www.wikidata.org\/wiki\/Q1234418","Wikipedia-Artikel":"https:\/\/de.wikipedia.org\/wiki\/Dodo_(M%C3%BCnster)","Factgrid":"https:\/\/database.factgrid.de\/entity\/Q652441"},"offices":[{"title":"Domherr","diocese":"Bistum Hildesheim","dateBegin":"vor 969","institution":"Domstift Hildesheim","references":[{"citation":"Rudolf Meier, Die Domkapitel zu Goslar und Halberstadt in ihrer pers\u00f6nlichen Zusammensetzung im Mittelalter. Mit Beitr\u00e4gen \u00fcber die Standesverh\u00e4ltnisse der bis zum Jahre 1200 nachweisbaren Hildesheimer Domherren (Ver\u00f6ffentlichungen des Max-Planck-Instituts f\u00fcr Geschichte 5\/Studien zur Germania Sacra 1) G\u00f6ttingen 1967, S. 401","authorOrEditor":"Rudolf Meier","shortTitle":"St1, Domkapitel zu Goslar und Halberstadt"},{"citation":"Wilhelm Kohl, Das Bistum M\u00fcnster 7,3: Die Di\u00f6zese (Germania Sacra N. F. 37,3), Berlin\/New York 2003, S. 62\u201371, 72, 74, 78","authorOrEditor":"Wilhelm Kohl","shortTitle":"NF 37,3, Di\u00f6zese M\u00fcnster"}]},{"title":"Bischof","diocese":"Bistum M\u00fcnster","dateBegin":"969","dateEnd":"993","references":[{"citation":"Rudolf Meier, Die Domkapitel zu Goslar und Halberstadt in ihrer pers\u00f6nlichen Zusammensetzung im Mittelalter. Mit Beitr\u00e4gen \u00fcber die Standesverh\u00e4ltnisse der bis zum Jahre 1200 nachweisbaren Hildesheimer Domherren (Ver\u00f6ffentlichungen des Max-Planck-Instituts f\u00fcr Geschichte 5\/Studien zur Germania Sacra 1) G\u00f6ttingen 1967, S. 401","authorOrEditor":"Rudolf Meier","shortTitle":"St1, Domkapitel zu Goslar und Halberstadt"},{"citation":"Wilhelm Kohl, Das Bistum M\u00fcnster 7,3: Die Di\u00f6zese (Germania Sacra N. F. 37,3), Berlin\/New York 2003, S. 62\u201371, 72, 74, 78","authorOrEditor":"Wilhelm Kohl","shortTitle":"NF 37,3, Di\u00f6zese M\u00fcnster"}]},{"title":"Bischof","diocese":"Bistum M\u00fcnster","dateBegin":"969","dateEnd":"993","references":[{"citation":"Erwin Gatz (Hg.)\/Clemens Brodkorb\/Helmut Flachenecker (Bearb.), Die Bist\u00fcmer des Heiligen R\u00f6mischen Reiches. Von ihren Anf\u00e4ngen bis zur S\u00e4kularisation, Freiburg i. Br. 2003, S. 486","authorOrEditor":"Gatz, Erwin (Hg.)\/Brodkorb, Clemens\/ Flachenecker\/Helmut (Bearb.)","RiOpac":"http:\/\/opac.regesta-imperii.de\/id\/587094","shortTitle":"Gatz, Bist\u00fcmer"}]}]}]}