{"persons":[{"wiagId":"WIAG-Pers-CANON-19401-001","givenname":"Volkmar","prefix":"von","familyname":"Anderten","notePerson":"1426 Immatrikulation Universit\u00e4t Leipzig, 1444 Immatrikulation Universit\u00e4t Rostock, 1452\u20131453 Immatrikulation Universit\u00e4t Erfurt","dateOfBirth":"um 1410","dateOfDeath":"1481","academicTitle":"Liz. des weltlichen Rechtes","identifier":{"Gemeinsame Normdatei (GND) ID":"https:\/\/d-nb.info\/gnd\/1033720267","Wikidata":"https:\/\/www.wikidata.org\/wiki\/Q20668547","Wikipedia-Artikel":"https:\/\/de.wikipedia.org\/wiki\/Volkmar_von_Anderten","VIAF-ID":"https:\/\/viaf.org\/viaf\/299569455","Repertorium Germanicum Online":"https:\/\/rg-online.dhi-roma.it\/RG\/7\/1614","Repertorium Academicum Germanicum (RAG), ID":"https:\/\/resource.database.rag-online.org\/ngAQ6H577Z63jpwAuZ7p8Ymp","Factgrid":"https:\/\/database.factgrid.de\/entity\/Q726365"},"offices":[{"title":"Kanoniker","dateBegin":"1445","dateEnd":"1451","institution":"Kanonissenstift mit angeschlossenem Kanonikerstift Wunstorf","references":[{"citation":"Anja Vo\u00dfhall, Stadtb\u00fcrgerliche Verwandtschaft und kirchliche Macht. Karrieren und Netzwerke L\u00fcbecker Domherren zwischen 1400 und 1530 (Kieler Werkst\u00fccke Reihe E: Beitr\u00e4ge zur Sozial- und Wirtschaftsgeschichte 12), Frankfurt am Main 2016, S. 343-345, ID\/Nr. 4","authorOrEditor":"Vo\u00dfhall, Anja","shortTitle":"Vo\u00dfhall, L\u00fcbecker Domherren"}]},{"title":"Domherr","dateBegin":"1450","institution":"Domstift Kammin","references":[{"citation":"Anja Vo\u00dfhall, Stadtb\u00fcrgerliche Verwandtschaft und kirchliche Macht. Karrieren und Netzwerke L\u00fcbecker Domherren zwischen 1400 und 1530 (Kieler Werkst\u00fccke Reihe E: Beitr\u00e4ge zur Sozial- und Wirtschaftsgeschichte 12), Frankfurt am Main 2016, S. 343-345, ID\/Nr. 4","authorOrEditor":"Vo\u00dfhall, Anja","shortTitle":"Vo\u00dfhall, L\u00fcbecker Domherren"}]},{"title":"Domherr","dateBegin":"1451","institution":"Domstift Minden","references":[{"citation":"Anja Vo\u00dfhall, Stadtb\u00fcrgerliche Verwandtschaft und kirchliche Macht. Karrieren und Netzwerke L\u00fcbecker Domherren zwischen 1400 und 1530 (Kieler Werkst\u00fccke Reihe E: Beitr\u00e4ge zur Sozial- und Wirtschaftsgeschichte 12), Frankfurt am Main 2016, S. 343-345, ID\/Nr. 4","authorOrEditor":"Vo\u00dfhall, Anja","shortTitle":"Vo\u00dfhall, L\u00fcbecker Domherren"}]},{"title":"Domherr","dateBegin":"1454","dateEnd":"1456","institution":"Domstift Verden","references":[{"citation":"Anja Vo\u00dfhall, Stadtb\u00fcrgerliche Verwandtschaft und kirchliche Macht. Karrieren und Netzwerke L\u00fcbecker Domherren zwischen 1400 und 1530 (Kieler Werkst\u00fccke Reihe E: Beitr\u00e4ge zur Sozial- und Wirtschaftsgeschichte 12), Frankfurt am Main 2016, S. 343-345, ID\/Nr. 4","authorOrEditor":"Vo\u00dfhall, Anja","shortTitle":"Vo\u00dfhall, L\u00fcbecker Domherren"}]},{"title":"Domherr","dateBegin":"1465","dateEnd":"1481","institution":"Domstift L\u00fcbeck","references":[{"citation":"Anja Vo\u00dfhall, Stadtb\u00fcrgerliche Verwandtschaft und kirchliche Macht. Karrieren und Netzwerke L\u00fcbecker Domherren zwischen 1400 und 1530 (Kieler Werkst\u00fccke Reihe E: Beitr\u00e4ge zur Sozial- und Wirtschaftsgeschichte 12), Frankfurt am Main 2016, S. 343-345, ID\/Nr. 4","authorOrEditor":"Vo\u00dfhall, Anja","shortTitle":"Vo\u00dfhall, L\u00fcbecker Domherren"}]},{"title":"Domherr","dateBegin":"vor 1481","institution":"Domstift Hildesheim","references":[{"citation":"Anja Vo\u00dfhall, Stadtb\u00fcrgerliche Verwandtschaft und kirchliche Macht. Karrieren und Netzwerke L\u00fcbecker Domherren zwischen 1400 und 1530 (Kieler Werkst\u00fccke Reihe E: Beitr\u00e4ge zur Sozial- und Wirtschaftsgeschichte 12), Frankfurt am Main 2016, S. 343-345, ID\/Nr. 4","authorOrEditor":"Vo\u00dfhall, Anja","shortTitle":"Vo\u00dfhall, L\u00fcbecker Domherren"}]},{"title":"Kanoniker","institution":"Kollegiatstift Hl. Kreuz, Hildesheim","references":[{"citation":"Anja Vo\u00dfhall, Stadtb\u00fcrgerliche Verwandtschaft und kirchliche Macht. Karrieren und Netzwerke L\u00fcbecker Domherren zwischen 1400 und 1530 (Kieler Werkst\u00fccke Reihe E: Beitr\u00e4ge zur Sozial- und Wirtschaftsgeschichte 12), Frankfurt am Main 2016, S. 343-345, ID\/Nr. 4","authorOrEditor":"Vo\u00dfhall, Anja","shortTitle":"Vo\u00dfhall, L\u00fcbecker Domherren"}]}]}]}