{"persons":[{"wiagId":"WIAG-Pers-CANON-18329-001","givenname":"Johann Philipp","prefix":"von","familyname":"Walderdorff","dateOfBirth":"1620","dateOfDeath":"1689","biographicalNotes":{"Vater":"Johann Peter von Walderdorff","Mutter":"Maria Magdalena von Greiffenklau","Bruder":"Lothar von Walderdorff (WIAG-Pers-CANON-18307-001)","Grablege":"Pfarrkirche zu Salz"},"identifier":{"Gemeinsame Normdatei (GND) ID":"https:\/\/d-nb.info\/gnd\/1106886755","Personendatenbank der Germania Sacra":"https:\/\/personendatenbank.germania-sacra.de\/index\/gsn\/054-02830-001","VIAF-ID":"https:\/\/viaf.org\/viaf\/159146936734713782009","Factgrid":"https:\/\/database.factgrid.de\/entity\/Q1789736","W\u00fcrzburg Wiki":"https:\/\/wuerzburgwiki.de\/wiki\/Johann_Philipp_von_Walderdorff"},"offices":[{"title":"Domherr","dateBegin":"1633","dateEnd":"1689","institution":"Domstift Speyer","references":[{"citation":"Matthias Theodor Klofft, Johann Philipp von Walderdorff. Archidiakon von Dietkirchen und Domdekan von Trier (1620\u20131689), in: Die von Walderdorff. Acht Jahrhunderte Wechselbeziehungen zwischen Region \u2013 Reich \u2013 Kirche und einem rheinischen Adelsgeschlecht, hg. von Friedhelm J\u00fcrgensmeier, K\u00f6ln 1998, S. 145\u2013156","authorOrEditor":"Matthias Theodor Klofft","shortTitle":"Klofft, Walderdorff"},{"citation":"Sophie-Mathilde zu Dohna, Die st\u00e4ndischen Verh\u00e4ltnisse am Domkapitel von Trier vom 16. bis zum 18. Jahrhundert (Schriftenreihe zur trierischen Landesgeschichte und Volkskunde 6), Trier 1960, S. 198, ID\/Nr. 512","authorOrEditor":"Dohna, Sophie-Mathilde zu","RiOpac":"http:\/\/opac.regesta-imperii.de\/id\/28684","shortTitle":"Dohna, Domkapitel Trier"},{"citation":"Peter Hersche, Die deutschen Domkapitel im 17. und 18. Jahrhundert, 3 Bde., Bern 1984, S. 166, 182, ID\/Nr. SP044, TR056","authorOrEditor":"Hersche, Peter","shortTitle":"Hersche, Domkapitel"}]},{"title":"Domherr","dateBegin":"1634","dateEnd":"1689","institution":"Domstift Trier","references":[{"citation":"Matthias Theodor Klofft, Johann Philipp von Walderdorff. Archidiakon von Dietkirchen und Domdekan von Trier (1620\u20131689), in: Die von Walderdorff. Acht Jahrhunderte Wechselbeziehungen zwischen Region \u2013 Reich \u2013 Kirche und einem rheinischen Adelsgeschlecht, hg. von Friedhelm J\u00fcrgensmeier, K\u00f6ln 1998, S. 145\u2013156","authorOrEditor":"Matthias Theodor Klofft","shortTitle":"Klofft, Walderdorff"},{"citation":"Sophie-Mathilde zu Dohna, Die st\u00e4ndischen Verh\u00e4ltnisse am Domkapitel von Trier vom 16. bis zum 18. Jahrhundert (Schriftenreihe zur trierischen Landesgeschichte und Volkskunde 6), Trier 1960, S. 198, ID\/Nr. 512","authorOrEditor":"Dohna, Sophie-Mathilde zu","RiOpac":"http:\/\/opac.regesta-imperii.de\/id\/28684","shortTitle":"Dohna, Domkapitel Trier"},{"citation":"Peter Hersche, Die deutschen Domkapitel im 17. und 18. Jahrhundert, 3 Bde., Bern 1984, S. 166, 182, ID\/Nr. SP044, TR056","authorOrEditor":"Hersche, Peter","shortTitle":"Hersche, Domkapitel"}]},{"title":"Domscholaster","dateBegin":"1651","dateEnd":"1679","institution":"Domstift Trier","references":[{"citation":"Matthias Theodor Klofft, Johann Philipp von Walderdorff. Archidiakon von Dietkirchen und Domdekan von Trier (1620\u20131689), in: Die von Walderdorff. Acht Jahrhunderte Wechselbeziehungen zwischen Region \u2013 Reich \u2013 Kirche und einem rheinischen Adelsgeschlecht, hg. von Friedhelm J\u00fcrgensmeier, K\u00f6ln 1998, S. 145\u2013156","authorOrEditor":"Matthias Theodor Klofft","shortTitle":"Klofft, Walderdorff"},{"citation":"Sophie-Mathilde zu Dohna, Die st\u00e4ndischen Verh\u00e4ltnisse am Domkapitel von Trier vom 16. bis zum 18. Jahrhundert (Schriftenreihe zur trierischen Landesgeschichte und Volkskunde 6), Trier 1960, S. 198, ID\/Nr. 512","authorOrEditor":"Dohna, Sophie-Mathilde zu","RiOpac":"http:\/\/opac.regesta-imperii.de\/id\/28684","shortTitle":"Dohna, Domkapitel Trier"},{"citation":"Peter Hersche, Die deutschen Domkapitel im 17. und 18. Jahrhundert, 3 Bde., Bern 1984, S. 166, 182, ID\/Nr. SP044, TR056","authorOrEditor":"Hersche, Peter","shortTitle":"Hersche, Domkapitel"}]},{"title":"Propst","dateBegin":"1663","dateEnd":"1679","institution":"Kollegiatstift St. Lubentius, Dietkirchen","references":[{"citation":"Matthias Theodor Klofft, Johann Philipp von Walderdorff. Archidiakon von Dietkirchen und Domdekan von Trier (1620\u20131689), in: Die von Walderdorff. Acht Jahrhunderte Wechselbeziehungen zwischen Region \u2013 Reich \u2013 Kirche und einem rheinischen Adelsgeschlecht, hg. von Friedhelm J\u00fcrgensmeier, K\u00f6ln 1998, S. 145\u2013156","authorOrEditor":"Matthias Theodor Klofft","shortTitle":"Klofft, Walderdorff"},{"citation":"Sophie-Mathilde zu Dohna, Die st\u00e4ndischen Verh\u00e4ltnisse am Domkapitel von Trier vom 16. bis zum 18. Jahrhundert (Schriftenreihe zur trierischen Landesgeschichte und Volkskunde 6), Trier 1960, S. 198, ID\/Nr. 512","authorOrEditor":"Dohna, Sophie-Mathilde zu","RiOpac":"http:\/\/opac.regesta-imperii.de\/id\/28684","shortTitle":"Dohna, Domkapitel Trier"},{"citation":"Peter Hersche, Die deutschen Domkapitel im 17. und 18. Jahrhundert, 3 Bde., Bern 1984, S. 166, 182, ID\/Nr. SP044, TR056","authorOrEditor":"Hersche, Peter","shortTitle":"Hersche, Domkapitel"}]},{"title":"Archidiakon","diocese":"Erzbistum Trier","dateBegin":"1663","dateEnd":"1679","references":[{"citation":"Matthias Theodor Klofft, Johann Philipp von Walderdorff. Archidiakon von Dietkirchen und Domdekan von Trier (1620\u20131689), in: Die von Walderdorff. Acht Jahrhunderte Wechselbeziehungen zwischen Region \u2013 Reich \u2013 Kirche und einem rheinischen Adelsgeschlecht, hg. von Friedhelm J\u00fcrgensmeier, K\u00f6ln 1998, S. 145\u2013156","authorOrEditor":"Matthias Theodor Klofft","shortTitle":"Klofft, Walderdorff"},{"citation":"Sophie-Mathilde zu Dohna, Die st\u00e4ndischen Verh\u00e4ltnisse am Domkapitel von Trier vom 16. bis zum 18. Jahrhundert (Schriftenreihe zur trierischen Landesgeschichte und Volkskunde 6), Trier 1960, S. 198, ID\/Nr. 512","authorOrEditor":"Dohna, Sophie-Mathilde zu","RiOpac":"http:\/\/opac.regesta-imperii.de\/id\/28684","shortTitle":"Dohna, Domkapitel Trier"},{"citation":"Peter Hersche, Die deutschen Domkapitel im 17. und 18. Jahrhundert, 3 Bde., Bern 1984, S. 166, 182, ID\/Nr. SP044, TR056","authorOrEditor":"Hersche, Peter","shortTitle":"Hersche, Domkapitel"}]},{"title":"Dekan","dateBegin":"1675","dateEnd":"1689","institution":"Benediktinerabtei\/Kollegiatstift St. Burkard, W\u00fcrzburg","references":[{"citation":"Matthias Theodor Klofft, Johann Philipp von Walderdorff. Archidiakon von Dietkirchen und Domdekan von Trier (1620\u20131689), in: Die von Walderdorff. Acht Jahrhunderte Wechselbeziehungen zwischen Region \u2013 Reich \u2013 Kirche und einem rheinischen Adelsgeschlecht, hg. von Friedhelm J\u00fcrgensmeier, K\u00f6ln 1998, S. 145\u2013156","authorOrEditor":"Matthias Theodor Klofft","shortTitle":"Klofft, Walderdorff"},{"citation":"Sophie-Mathilde zu Dohna, Die st\u00e4ndischen Verh\u00e4ltnisse am Domkapitel von Trier vom 16. bis zum 18. Jahrhundert (Schriftenreihe zur trierischen Landesgeschichte und Volkskunde 6), Trier 1960, S. 198, ID\/Nr. 512","authorOrEditor":"Dohna, Sophie-Mathilde zu","RiOpac":"http:\/\/opac.regesta-imperii.de\/id\/28684","shortTitle":"Dohna, Domkapitel Trier"},{"citation":"Peter Hersche, Die deutschen Domkapitel im 17. und 18. Jahrhundert, 3 Bde., Bern 1984, S. 166, 182, ID\/Nr. SP044, TR056","authorOrEditor":"Hersche, Peter","shortTitle":"Hersche, Domkapitel"}]},{"title":"Domdekan","dateBegin":"1676","dateEnd":"1680","institution":"Domstift Speyer","references":[{"citation":"Matthias Theodor Klofft, Johann Philipp von Walderdorff. Archidiakon von Dietkirchen und Domdekan von Trier (1620\u20131689), in: Die von Walderdorff. Acht Jahrhunderte Wechselbeziehungen zwischen Region \u2013 Reich \u2013 Kirche und einem rheinischen Adelsgeschlecht, hg. von Friedhelm J\u00fcrgensmeier, K\u00f6ln 1998, S. 145\u2013156","authorOrEditor":"Matthias Theodor Klofft","shortTitle":"Klofft, Walderdorff"},{"citation":"Sophie-Mathilde zu Dohna, Die st\u00e4ndischen Verh\u00e4ltnisse am Domkapitel von Trier vom 16. bis zum 18. Jahrhundert (Schriftenreihe zur trierischen Landesgeschichte und Volkskunde 6), Trier 1960, S. 198, ID\/Nr. 512","authorOrEditor":"Dohna, Sophie-Mathilde zu","RiOpac":"http:\/\/opac.regesta-imperii.de\/id\/28684","shortTitle":"Dohna, Domkapitel Trier"},{"citation":"Peter Hersche, Die deutschen Domkapitel im 17. und 18. Jahrhundert, 3 Bde., Bern 1984, S. 166, 182, ID\/Nr. SP044, TR056","authorOrEditor":"Hersche, Peter","shortTitle":"Hersche, Domkapitel"}]},{"title":"Domdekan","dateBegin":"1679","dateEnd":"1689","institution":"Domstift Trier","references":[{"citation":"Matthias Theodor Klofft, Johann Philipp von Walderdorff. Archidiakon von Dietkirchen und Domdekan von Trier (1620\u20131689), in: Die von Walderdorff. Acht Jahrhunderte Wechselbeziehungen zwischen Region \u2013 Reich \u2013 Kirche und einem rheinischen Adelsgeschlecht, hg. von Friedhelm J\u00fcrgensmeier, K\u00f6ln 1998, S. 145\u2013156","authorOrEditor":"Matthias Theodor Klofft","shortTitle":"Klofft, Walderdorff"},{"citation":"Sophie-Mathilde zu Dohna, Die st\u00e4ndischen Verh\u00e4ltnisse am Domkapitel von Trier vom 16. bis zum 18. Jahrhundert (Schriftenreihe zur trierischen Landesgeschichte und Volkskunde 6), Trier 1960, S. 198, ID\/Nr. 512","authorOrEditor":"Dohna, Sophie-Mathilde zu","RiOpac":"http:\/\/opac.regesta-imperii.de\/id\/28684","shortTitle":"Dohna, Domkapitel Trier"},{"citation":"Peter Hersche, Die deutschen Domkapitel im 17. und 18. Jahrhundert, 3 Bde., Bern 1984, S. 166, 182, ID\/Nr. SP044, TR056","authorOrEditor":"Hersche, Peter","shortTitle":"Hersche, Domkapitel"}]},{"title":"Dompropst","dateBegin":"1680","dateEnd":"1689","institution":"Domstift Speyer","references":[{"citation":"Matthias Theodor Klofft, Johann Philipp von Walderdorff. Archidiakon von Dietkirchen und Domdekan von Trier (1620\u20131689), in: Die von Walderdorff. Acht Jahrhunderte Wechselbeziehungen zwischen Region \u2013 Reich \u2013 Kirche und einem rheinischen Adelsgeschlecht, hg. von Friedhelm J\u00fcrgensmeier, K\u00f6ln 1998, S. 145\u2013156","authorOrEditor":"Matthias Theodor Klofft","shortTitle":"Klofft, Walderdorff"},{"citation":"Sophie-Mathilde zu Dohna, Die st\u00e4ndischen Verh\u00e4ltnisse am Domkapitel von Trier vom 16. bis zum 18. Jahrhundert (Schriftenreihe zur trierischen Landesgeschichte und Volkskunde 6), Trier 1960, S. 198, ID\/Nr. 512","authorOrEditor":"Dohna, Sophie-Mathilde zu","RiOpac":"http:\/\/opac.regesta-imperii.de\/id\/28684","shortTitle":"Dohna, Domkapitel Trier"},{"citation":"Peter Hersche, Die deutschen Domkapitel im 17. und 18. Jahrhundert, 3 Bde., Bern 1984, S. 166, 182, ID\/Nr. SP044, TR056","authorOrEditor":"Hersche, Peter","shortTitle":"Hersche, Domkapitel"}]},{"title":"Domherr","diocese":"Erzbistum Trier","dateBegin":"1634","dateEnd":"1689","institution":"Domstift Trier","references":[{"citation":"Wolf-Heino Struck, Das Erzbistum Trier 4: Das Stift St. Lubentius in Dietkirchen (Germania Sacra N. F. 22), Berlin\/New York 1986, S. 313, 338, 438","authorOrEditor":"Wolf-Heino  Struck","shortTitle":"NF 22, Stift St. Lubentius in Dietkirchen"},{"citation":"Alfred Wendehorst, Das Bistum W\u00fcrzburg 6: Die Benediktinerabtei und das Adelige S\u00e4kularkanonikerstift St. Burkard in W\u00fcrzburg (Germania Sacra N. F. 40), Berlin\/New York 2001, S. 33, 109, 227, 301\u2013303, 425","authorOrEditor":"Alfred  Wendehorst","shortTitle":"NF 40, St. Burkard in W\u00fcrzburg"}]},{"title":"Domscholaster","diocese":"Erzbistum Trier","dateBegin":"1651","dateEnd":"1663","institution":"Domstift Trier","references":[{"citation":"Wolf-Heino Struck, Das Erzbistum Trier 4: Das Stift St. Lubentius in Dietkirchen (Germania Sacra N. F. 22), Berlin\/New York 1986, S. 313, 338, 438","authorOrEditor":"Wolf-Heino  Struck","shortTitle":"NF 22, Stift St. Lubentius in Dietkirchen"},{"citation":"Alfred Wendehorst, Das Bistum W\u00fcrzburg 6: Die Benediktinerabtei und das Adelige S\u00e4kularkanonikerstift St. Burkard in W\u00fcrzburg (Germania Sacra N. F. 40), Berlin\/New York 2001, S. 33, 109, 227, 301\u2013303, 425","authorOrEditor":"Alfred  Wendehorst","shortTitle":"NF 40, St. Burkard in W\u00fcrzburg"}]},{"title":"Propst","diocese":"Erzbistum Trier","dateBegin":"1663","dateEnd":"1679","institution":"Kollegiatstift St. Lubentius, Dietkirchen","references":[{"citation":"Wolf-Heino Struck, Das Erzbistum Trier 4: Das Stift St. Lubentius in Dietkirchen (Germania Sacra N. F. 22), Berlin\/New York 1986, S. 313, 338, 438","authorOrEditor":"Wolf-Heino  Struck","shortTitle":"NF 22, Stift St. Lubentius in Dietkirchen"},{"citation":"Alfred Wendehorst, Das Bistum W\u00fcrzburg 6: Die Benediktinerabtei und das Adelige S\u00e4kularkanonikerstift St. Burkard in W\u00fcrzburg (Germania Sacra N. F. 40), Berlin\/New York 2001, S. 33, 109, 227, 301\u2013303, 425","authorOrEditor":"Alfred  Wendehorst","shortTitle":"NF 40, St. Burkard in W\u00fcrzburg"}]},{"title":"Dekan","diocese":"Bistum W\u00fcrzburg","dateBegin":"1675","dateEnd":"1689","institution":"Benediktinerabtei\/Kollegiatstift St. Burkard, W\u00fcrzburg","references":[{"citation":"Wolf-Heino Struck, Das Erzbistum Trier 4: Das Stift St. Lubentius in Dietkirchen (Germania Sacra N. F. 22), Berlin\/New York 1986, S. 313, 338, 438","authorOrEditor":"Wolf-Heino  Struck","shortTitle":"NF 22, Stift St. Lubentius in Dietkirchen"},{"citation":"Alfred Wendehorst, Das Bistum W\u00fcrzburg 6: Die Benediktinerabtei und das Adelige S\u00e4kularkanonikerstift St. Burkard in W\u00fcrzburg (Germania Sacra N. F. 40), Berlin\/New York 2001, S. 33, 109, 227, 301\u2013303, 425","authorOrEditor":"Alfred  Wendehorst","shortTitle":"NF 40, St. Burkard in W\u00fcrzburg"}]},{"title":"Domdekan","diocese":"Erzbistum Trier","dateBegin":"1679","dateEnd":"1689","institution":"Domstift Trier","references":[{"citation":"Wolf-Heino Struck, Das Erzbistum Trier 4: Das Stift St. Lubentius in Dietkirchen (Germania Sacra N. F. 22), Berlin\/New York 1986, S. 313, 338, 438","authorOrEditor":"Wolf-Heino  Struck","shortTitle":"NF 22, Stift St. Lubentius in Dietkirchen"},{"citation":"Alfred Wendehorst, Das Bistum W\u00fcrzburg 6: Die Benediktinerabtei und das Adelige S\u00e4kularkanonikerstift St. Burkard in W\u00fcrzburg (Germania Sacra N. F. 40), Berlin\/New York 2001, S. 33, 109, 227, 301\u2013303, 425","authorOrEditor":"Alfred  Wendehorst","shortTitle":"NF 40, St. Burkard in W\u00fcrzburg"}]},{"title":"Dompropst","diocese":"Bistum Speyer","dateBegin":"vor 1689","institution":"Domstift Speyer","references":[{"citation":"Wolf-Heino Struck, Das Erzbistum Trier 4: Das Stift St. Lubentius in Dietkirchen (Germania Sacra N. F. 22), Berlin\/New York 1986, S. 313, 338, 438","authorOrEditor":"Wolf-Heino  Struck","shortTitle":"NF 22, Stift St. Lubentius in Dietkirchen"},{"citation":"Alfred Wendehorst, Das Bistum W\u00fcrzburg 6: Die Benediktinerabtei und das Adelige S\u00e4kularkanonikerstift St. Burkard in W\u00fcrzburg (Germania Sacra N. F. 40), Berlin\/New York 2001, S. 33, 109, 227, 301\u2013303, 425","authorOrEditor":"Alfred  Wendehorst","shortTitle":"NF 40, St. Burkard in W\u00fcrzburg"}]}]}]}