{"dioceses":[{"wiagId":"WIAG-Inst-DIOCGatz-006-001","URI":"https:\/\/wiag-vocab.adw-goe.de\/id\/WIAG-Inst-DIOCGatz-006-001","name":"Eichst\u00e4tt","status":"Bistum","dateOfFounding":"Mitte des 8. Jahrhunderts","dateOfDissolution":"1802","altLabels":[{"altLabel":"ecclesia Eystettensis","lang":"la"},{"altLabel":"Bistum Eichst\u00e4tt","lang":"de"},{"altLabel":"Eistetensis diocesis","lang":"la"},{"altLabel":"Eistet. dioc.","lang":"la"},{"altLabel":"Bishopric of Eichst\u00e4tt","lang":"en"},{"altLabel":"Dioc\u00e8se de Eichst\u00e4tt","lang":"fr"},{"altLabel":"Bisdom Eichst\u00e4tt","lang":"nl"}],"ecclesiasticalProvince":"Mainz","bishopricSeat":"Eichst\u00e4tt","identifier":{"GND":"4013726-0","VIAF":"144894960","Wikidata":"Q707655","Wikipedia":"https:\/\/de.wikipedia.org\/wiki\/Bistum_Eichst\u00e4tt"},"identifiersComment":"Alle Normdaten nehmen sowohl auf das F\u00fcrstbistum als auch auf das heutige Bistum Eichst\u00e4tt Bezug.","references":[{"citation":"Erwin Gatz (Hg.)\/Clemens Brodkorb\/Helmut Flachenecker (Bearb.), Die Bist\u00fcmer des Heiligen R\u00f6mischen Reiches. Von ihren Anf\u00e4ngen bis zur S\u00e4kularisation, Freiburg i. Br. 2003","shortTitle":"Gatz, Bist\u00fcmer","authorOrEditor":"Gatz, Erwin (Hg.)\/Brodkorb, Clemens\/ Flachenecker\/Helmut (Bearb.)","RiOpac":"http:\/\/opac.regesta-imperii.de\/id\/587094","page":"191-201"}]}]}